[{"@context":"https:\/\/schema.org\/","@type":"Article","@id":"https:\/\/www.jhcb.cz\/kabat-vas-bude-chranit-pred-mrazy\/#Article","mainEntityOfPage":"https:\/\/www.jhcb.cz\/kabat-vas-bude-chranit-pred-mrazy\/","headline":"Kab\u00e1t v\u00e1s bude chr\u00e1nit p\u0159ed mrazy","name":"Kab\u00e1t v\u00e1s bude chr\u00e1nit p\u0159ed mrazy","description":"Mo\u017en\u00e1 jste nikdy tento typ oble\u010den\u00ed nenosili, av\u0161ak v\u00a0posledn\u00ed dob\u011b po n\u011bm velmi \u010dasto pokukujete. Ano, \u0159e\u010d m\u016f\u017ee b\u00fdt o p\u00e1nsk\u00fdch zimn\u00edch kab\u00e1tech, kter\u00e9 jsou st\u00e1le obl\u00edben\u011bj\u0161\u00ed. Mu\u017ei toti\u017e v\u011bd\u00ed, co dok\u00e1\u017ee b\u00fdt nejenom praktick\u00e9, &hellip; ","datePublished":"2024-11-07","dateModified":"2024-11-07","author":{"@type":"Person","@id":"https:\/\/www.jhcb.cz\/author\/#Person","name":"","url":"https:\/\/www.jhcb.cz\/author\/","identifier":1,"image":{"@type":"ImageObject","@id":"https:\/\/secure.gravatar.com\/avatar\/6b1978a802e1d2522476d4f1a954a19e989b74ba84b3e15a182efb651cc75097?s=96&d=mm&r=g","url":"https:\/\/secure.gravatar.com\/avatar\/6b1978a802e1d2522476d4f1a954a19e989b74ba84b3e15a182efb651cc75097?s=96&d=mm&r=g","height":96,"width":96}},"publisher":{"@type":"Organization","name":"jhcb.cz","logo":{"@type":"ImageObject","@id":"\/logo.png","url":"\/logo.png","width":600,"height":60}},"url":"https:\/\/www.jhcb.cz\/kabat-vas-bude-chranit-pred-mrazy\/","wordCount":236,"articleBody":"\tMo\u017en\u00e1 jste nikdy tento typ oble\u010den\u00ed nenosili, av\u0161ak v\u00a0posledn\u00ed dob\u011b po n\u011bm velmi \u010dasto pokukujete. Ano, \u0159e\u010d m\u016f\u017ee b\u00fdt o p\u00e1nsk\u00fdch zimn\u00edch kab\u00e1tech, kter\u00e9 jsou st\u00e1le obl\u00edben\u011bj\u0161\u00ed. Mu\u017ei toti\u017e v\u011bd\u00ed, co dok\u00e1\u017ee b\u00fdt nejenom praktick\u00e9, ale tak\u00e9 elegantn\u00ed, a proto investuj\u00ed pr\u00e1v\u011b do tohoto oble\u010den\u00ed. Vy nemus\u00edte b\u00fdt \u017e\u00e1dnou v\u00fdjimkou a taky si po\u0159\u00eddit kus oble\u010den\u00ed, kter\u00fd v\u00e1s ochr\u00e1n\u00ed nejenom p\u0159ed mrazy, ale tak\u00e9 p\u0159ed r\u016fzn\u00fdmi nevzhledn\u00fdmi bundami. Pro\u010d byste na sob\u011b m\u011bli nosit n\u011bco, co nevypad\u00e1 hezky a nen\u00ed to ani tak praktick\u00e9, kdy\u017e se nab\u00edz\u00ed tak kvalitn\u00ed oble\u010den\u00ed, kter\u00fd v\u00e1s nadchne a pot\u011b\u0161\u00ed v opravdu v\u0161ech ohledech?\tRozmyslete se a zainvestujteV\u00a0t\u00e9to oblasti se nen\u00ed \u010deho ob\u00e1vat. Jakmile zkr\u00e1tka dostanete chu\u0165 na to po\u0159\u00eddit si n\u011bjak\u00e9 kvalitn\u00ed oble\u010den\u00ed, nab\u00edz\u00ed se pr\u00e1v\u011b tohle. To si zkr\u00e1tka obl\u00edb\u00edte a dovol\u00edte si d\u00edky n\u011bmu chodit ven i v\u00a0opravdu velk\u00fdch mrazech, kdy jste v\u00a0minulosti rad\u011bji z\u016fstali doma. Takto v\u00e1m toti\u017e nebude v\u016fbec chladno, naopak se budete v\u017edycky c\u00edtit p\u0159\u00edjemn\u011b, co\u017e je c\u00edl ka\u017ed\u00e9ho oble\u010den\u00ed do chladn\u011bj\u0161\u00edch dn\u016f.                                                                                                                                                                                                                                                                                                                                                                                        3.5\/5 - (4 votes)        "},{"@context":"https:\/\/schema.org\/","@type":"BreadcrumbList","itemListElement":[{"@type":"ListItem","position":1,"name":"Kab\u00e1t v\u00e1s bude chr\u00e1nit p\u0159ed mrazy","item":"https:\/\/www.jhcb.cz\/kabat-vas-bude-chranit-pred-mrazy\/#breadcrumbitem"}]}]