[{"@context":"https:\/\/schema.org\/","@type":"Article","@id":"https:\/\/www.jhcb.cz\/svet-hadu\/#Article","mainEntityOfPage":"https:\/\/www.jhcb.cz\/svet-hadu\/","headline":"Sv\u011bt had\u016f","name":"Sv\u011bt had\u016f","description":"Pokud trp\u00edte ofidiofobi\u00ed, ur\u010dit\u011b si do bytu nepust\u00edte jedno zv\u00ed\u0159\u00e1tko. Chorobn\u00fd strach z had\u016f je asi tak stejn\u011b roz\u0161\u00ed\u0159en, jako chorobn\u00fd strach z pavouk\u016f. Pokud pat\u0159\u00edte k druh\u00e9mu extr\u00e9mu (milovn\u00edk\u016fm had\u016f), mo\u017en\u00e1 m\u00e1te doma nap\u0159\u00edklad &hellip; ","datePublished":"2020-09-02","dateModified":"2020-09-02","author":{"@type":"Person","@id":"https:\/\/www.jhcb.cz\/author\/#Person","name":"","url":"https:\/\/www.jhcb.cz\/author\/","identifier":1,"image":{"@type":"ImageObject","@id":"https:\/\/secure.gravatar.com\/avatar\/6b1978a802e1d2522476d4f1a954a19e989b74ba84b3e15a182efb651cc75097?s=96&d=mm&r=g","url":"https:\/\/secure.gravatar.com\/avatar\/6b1978a802e1d2522476d4f1a954a19e989b74ba84b3e15a182efb651cc75097?s=96&d=mm&r=g","height":96,"width":96}},"publisher":{"@type":"Organization","name":"jhcb.cz","logo":{"@type":"ImageObject","@id":"\/logo.png","url":"\/logo.png","width":600,"height":60}},"image":{"@type":"ImageObject","@id":"https:\/\/www.jhcb.cz\/wp-content\/uploads\/img_a306588_w2318_t1517905286.jpg","url":"https:\/\/www.jhcb.cz\/wp-content\/uploads\/img_a306588_w2318_t1517905286.jpg","height":0,"width":0},"url":"https:\/\/www.jhcb.cz\/svet-hadu\/","wordCount":391,"articleBody":" Pokud trp\u00edte ofidiofobi\u00ed, ur\u010dit\u011b si do bytu nepust\u00edte jedno zv\u00ed\u0159\u00e1tko. Chorobn\u00fd strach z had\u016f je asi tak stejn\u011b roz\u0161\u00ed\u0159en, jako chorobn\u00fd strach z pavouk\u016f. Pokud pat\u0159\u00edte k druh\u00e9mu extr\u00e9mu (milovn\u00edk\u016fm had\u016f), mo\u017en\u00e1 m\u00e1te doma nap\u0159\u00edklad kor\u00e1lovku sedlatou. &#8211; Tento had, kter\u00fd poch\u00e1z\u00ed ze Severn\u00ed a Ji\u017en\u00ed Ameriky, pat\u0159\u00ed k opravdov\u00fdm krasavc\u016fm. &#8211; Dor\u016fst\u00e1 d\u00e9lky sto a\u017e sto t\u0159iceti centimetr\u016f a vyzna\u010duje se kr\u00e1sn\u011b \u010dervenou barvou, kombinovanou s \u010dernou a b\u00edlou. A\u010dkoliv vyhl\u00ed\u017e\u00ed trochu nebezpe\u010dn\u011b, jedovat\u00fd nen\u00ed. Hod\u00ed se proto ur\u010dit\u011b i pro chovatelsk\u00e9 \u00fa\u010dely. Jeho hlavn\u00ed potravou jsou mal\u00ed hlodavci.  Krajty uchv\u00e1t\u00ed svou barevnost\u00ed Dal\u0161\u00ed krasavic\u00ed v \u0159\u00ed\u0161i had\u016f je krajta. Rozli\u0161uje se n\u011bkolik druh\u016f, ale t\u011b\u017eko \u0159\u00edci, kter\u00e1 z nich je ta nejhez\u010d\u00ed. &#8211; Krajta tmav\u00e1dor\u016fst\u00e1 d\u00e9lky p\u0159ibli\u017en\u011b necel\u00e9ho metru. &#8211; Jej\u00edm domovem je v\u00fdchodn\u00ed Asie a Indon\u00e9sie. V jej\u00edm hn\u00edzd\u011b se m\u016f\u017ee nach\u00e1zet a\u017e stovka mlad\u00fdch had\u016f. \u017div\u00ed se, tak jako t\u00e9m\u011b\u0159 v\u0161ichni v\u011bt\u0161\u00ed hadi, kr\u00e1l\u00edky a hlodavci. Ani tento had nen\u00ed jedovat\u00fd. Krajta kobercov\u00e1 je bl\u00edzkou p\u0159\u00edbuznou krajty tmav\u00e9. Oproti n\u00ed je ale mnohem men\u0161\u00ed. Dor\u016fst\u00e1 d\u00e9lky pouze 200 a\u017e 300 centimetr\u016f. Hlavn\u00ed sou\u010d\u00e1st\u00ed jej\u00edho j\u00eddeln\u00ed\u010dku jsou men\u0161\u00ed va\u010dnatci a hlodavci. \u010casto je k vid\u011bn\u00ed v nor\u00e1ch, ve kter\u00fdch d\u0159\u00edve s\u00eddlila jedna z jejich ko\u0159ist\u00ed \u2013 kr\u00e1l\u00edk.  Pozor na jedovatou zmiji Hadem, p\u0159i jeho\u017e chovu mus\u00edme b\u00fdt obez\u0159etn\u00ed, je zmije rohat\u00e1. Poch\u00e1z\u00ed ze severn\u00ed Ameriky a dor\u016fst\u00e1 d\u00e9lky jednoho metru. \u017div\u00ed se p\u0159edev\u0161\u00edm drobn\u00fdmi savci, pt\u00e1ky a je\u0161t\u011bry. Tento had je jedovat\u00fd. &#8211; Pokud bude v p\u0159\u00edrod\u011b, dok\u00e1\u017ee se skv\u011ble zamaskovat t\u00edm, \u017ee se zahrabe do p\u00edsku. &#8211; M\u00e1 k tomu ty nejlep\u0161\u00ed p\u0159edpoklady. &#8211; Jeho barvami jsou odst\u00edny hn\u011bd\u00e9 a st\u0159\u00edb\u0159it\u00e9.  Ch\u0159est\u00fd\u0161ovec Wagler\u016fvje had, kter\u00fd m\u00e1 ur\u010dit\u00e1 privilegia. Je chov\u00e1n v malajsk\u00e9m chr\u00e1mu v Penangu. Dozajista k tomu p\u0159isp\u011blo i to, \u017ee se jedn\u00e1 o skute\u010dn\u00e9ho krasavce, jeho\u017e hlavn\u00ed barvou je hr\u00e1\u0161kov\u011b zelen\u00e1.                                                                                                                                                                                                                                                                                                                                                                                         4.2\/5 - (4 votes)        "},{"@context":"https:\/\/schema.org\/","@type":"BreadcrumbList","itemListElement":[{"@type":"ListItem","position":1,"name":"Sv\u011bt had\u016f","item":"https:\/\/www.jhcb.cz\/svet-hadu\/#breadcrumbitem"}]}]